{"id":351,"date":"2024-06-19T14:06:07","date_gmt":"2024-06-19T14:06:07","guid":{"rendered":"https:\/\/startersites.io\/blocksy\/consultant\/?p=351"},"modified":"2025-07-03T05:24:55","modified_gmt":"2025-07-03T05:24:55","slug":"itzel-del-carmen-guillen-vazquez","status":"publish","type":"post","link":"https:\/\/donacion.ulv.edu.mx\/en\/itzel-del-carmen-guillen-vazquez\/","title":{"rendered":"Itzel del Carmen Guill\u00e9n V\u00e1zquez"},"content":{"rendered":"\n<div class=\"wp-block-greenshift-blocks-image gspb_image gspb_image-id-gsbp-dec9aba\" id=\"gspb_image-id-gsbp-dec9aba\"><img data-recalc-dims=\"1\" loading=\"lazy\" decoding=\"async\" src=\"https:\/\/i0.wp.com\/donacion.ulv.edu.mx\/wp-content\/uploads\/2024\/01\/54567311668_c242854650_k.jpg?resize=1290%2C860&#038;ssl=1\" data-src=\"\" alt=\"\" loading=\"lazy\" width=\"1290\" height=\"860\"\/><\/div>\n\n\n\n<p class=\"\">My name is Itzel del Carmen Guill\u00e9n V\u00e1zquez, I am 24 years old and I have a degree in Clinical and Health Psychology. My parents do not have the resources to help me with my studies, so I always went to public schools.<\/p>\n\n\n\n<p class=\"\">Thank God I have achieved my dream of finishing my studies at Linda Vista University, I am the first in my family to graduate from the undergraduate level, and it is what my parents always wanted. I was not afraid to work and struggle to achieve my dreams. I never thought of doing anything wrong, or improper to achieve it, but I worked hard every day and sought God&#8217;s help, that&#8217;s how I got here.<\/p>\n\n\n\n<p class=\"\">Studying at ULV was a gift from God. It is something that not everyone has, God through the university answered my prayers and helped me develop in many areas of my life. It taught me that I am capable of what I never thought I was capable of.<\/p>\n\n\n\n<p class=\"\">Now that I have finished my degree I want to serve God through my profession and help others to know more about God.<\/p>\n","protected":false},"excerpt":{"rendered":"<p>My name is Itzel del Carmen Guill\u00e9n V\u00e1zquez, I am 24 years old and I have a degree in Clinical and Health Psychology. My parents do not have the resources to help me with my studies, so I always went to public schools. Thank God I have achieved my dream of finishing my studies at [&hellip;]<\/p>\n","protected":false},"author":2,"featured_media":1828,"comment_status":"open","ping_status":"open","sticky":false,"template":"","format":"standard","meta":{"nf_dc_page":"","_gspb_post_css":"#gspb_image-id-gsbp-dec9aba img{vertical-align:top;display:inline-block;box-sizing:border-box;max-width:100%;height:auto;border-top-left-radius:20px;border-top-right-radius:20px;border-bottom-right-radius:20px;border-bottom-left-radius:20px}","om_disable_all_campaigns":false,"_monsterinsights_skip_tracking":false,"_monsterinsights_sitenote_active":false,"_monsterinsights_sitenote_note":"","_monsterinsights_sitenote_category":0,"_jetpack_memberships_contains_paid_content":false,"footnotes":""},"categories":[53],"tags":[],"class_list":["post-351","post","type-post","status-publish","format-standard","has-post-thumbnail","hentry","category-egresados"],"blocksy_meta":[],"yoast_head":"<!-- This site is optimized with the Yoast SEO plugin v27.5 - https:\/\/yoast.com\/product\/yoast-seo-wordpress\/ -->\n<title>Itzel del Carmen Guill\u00e9n V\u00e1zquez<\/title>\n<meta name=\"robots\" content=\"index, follow, max-snippet:-1, max-image-preview:large, max-video-preview:-1\" \/>\n<link rel=\"canonical\" href=\"https:\/\/donacion.ulv.edu.mx\/en\/itzel-del-carmen-guillen-vazquez\/\" \/>\n<meta property=\"og:locale\" content=\"en_US\" \/>\n<meta property=\"og:locale:alternate\" content=\"es_ES\" \/>\n<meta property=\"og:type\" content=\"article\" \/>\n<meta property=\"og:title\" content=\"Itzel del Carmen Guill\u00e9n V\u00e1zquez\" \/>\n<meta property=\"og:description\" content=\"My name is Itzel del Carmen Guill\u00e9n V\u00e1zquez, I am 24 years old and I have a degree in Clinical and Health Psychology. My parents do not have the resources to help me with my studies, so I always went to public schools. Thank God I have achieved my dream of finishing my studies at [&hellip;]\" \/>\n<meta property=\"og:url\" content=\"https:\/\/donacion.ulv.edu.mx\/en\/itzel-del-carmen-guillen-vazquez\/\" \/>\n<meta property=\"og:site_name\" content=\"Universidad Linda Vista\" \/>\n<meta property=\"article:published_time\" content=\"2024-06-19T14:06:07+00:00\" \/>\n<meta property=\"article:modified_time\" content=\"2025-07-03T05:24:55+00:00\" \/>\n<meta property=\"og:image\" content=\"https:\/\/i0.wp.com\/donacion.ulv.edu.mx\/wp-content\/uploads\/2024\/01\/54567311668_c242854650_k.webp?fit=2048%2C1365&ssl=1\" \/>\n\t<meta property=\"og:image:width\" content=\"2048\" \/>\n\t<meta property=\"og:image:height\" content=\"1365\" \/>\n\t<meta property=\"og:image:type\" content=\"image\/webp\" \/>\n<meta name=\"author\" content=\"Donaciones ULV\" \/>\n<meta name=\"twitter:card\" content=\"summary_large_image\" \/>\n<meta name=\"twitter:label1\" content=\"Written by\" \/>\n\t<meta name=\"twitter:data1\" content=\"Donaciones ULV\" \/>\n\t<meta name=\"twitter:label2\" content=\"Est. reading time\" \/>\n\t<meta name=\"twitter:data2\" content=\"2 minutes\" \/>\n<script type=\"application\/ld+json\" class=\"yoast-schema-graph\">{\"@context\":\"https:\\\/\\\/schema.org\",\"@graph\":[{\"@type\":\"Article\",\"@id\":\"https:\\\/\\\/donacion.ulv.edu.mx\\\/es\\\/itzel-del-carmen-guillen-vazquez\\\/#article\",\"isPartOf\":{\"@id\":\"https:\\\/\\\/donacion.ulv.edu.mx\\\/es\\\/itzel-del-carmen-guillen-vazquez\\\/\"},\"author\":{\"name\":\"Donaciones ULV\",\"@id\":\"https:\\\/\\\/donacion.ulv.edu.mx\\\/es\\\/#\\\/schema\\\/person\\\/c313d107934b8036dbfe89134055706a\"},\"headline\":\"Itzel del Carmen Guill\u00e9n V\u00e1zquez\",\"datePublished\":\"2024-06-19T14:06:07+00:00\",\"dateModified\":\"2025-07-03T05:24:55+00:00\",\"mainEntityOfPage\":{\"@id\":\"https:\\\/\\\/donacion.ulv.edu.mx\\\/es\\\/itzel-del-carmen-guillen-vazquez\\\/\"},\"wordCount\":408,\"commentCount\":0,\"publisher\":{\"@id\":\"https:\\\/\\\/donacion.ulv.edu.mx\\\/es\\\/#organization\"},\"image\":{\"@id\":\"https:\\\/\\\/donacion.ulv.edu.mx\\\/es\\\/itzel-del-carmen-guillen-vazquez\\\/#primaryimage\"},\"thumbnailUrl\":\"https:\\\/\\\/i0.wp.com\\\/donacion.ulv.edu.mx\\\/wp-content\\\/uploads\\\/2024\\\/01\\\/54567311668_c242854650_k.webp?fit=2048%2C1365&ssl=1\",\"articleSection\":[\"Egresados\"],\"inLanguage\":\"en-US\",\"potentialAction\":[{\"@type\":\"CommentAction\",\"name\":\"Comment\",\"target\":[\"https:\\\/\\\/donacion.ulv.edu.mx\\\/es\\\/itzel-del-carmen-guillen-vazquez\\\/#respond\"]}]},{\"@type\":\"WebPage\",\"@id\":\"https:\\\/\\\/donacion.ulv.edu.mx\\\/es\\\/itzel-del-carmen-guillen-vazquez\\\/\",\"url\":\"https:\\\/\\\/donacion.ulv.edu.mx\\\/es\\\/itzel-del-carmen-guillen-vazquez\\\/\",\"name\":\"Itzel del Carmen Guill\u00e9n V\u00e1zquez\",\"isPartOf\":{\"@id\":\"https:\\\/\\\/donacion.ulv.edu.mx\\\/es\\\/#website\"},\"primaryImageOfPage\":{\"@id\":\"https:\\\/\\\/donacion.ulv.edu.mx\\\/es\\\/itzel-del-carmen-guillen-vazquez\\\/#primaryimage\"},\"image\":{\"@id\":\"https:\\\/\\\/donacion.ulv.edu.mx\\\/es\\\/itzel-del-carmen-guillen-vazquez\\\/#primaryimage\"},\"thumbnailUrl\":\"https:\\\/\\\/i0.wp.com\\\/donacion.ulv.edu.mx\\\/wp-content\\\/uploads\\\/2024\\\/01\\\/54567311668_c242854650_k.webp?fit=2048%2C1365&ssl=1\",\"datePublished\":\"2024-06-19T14:06:07+00:00\",\"dateModified\":\"2025-07-03T05:24:55+00:00\",\"breadcrumb\":{\"@id\":\"https:\\\/\\\/donacion.ulv.edu.mx\\\/es\\\/itzel-del-carmen-guillen-vazquez\\\/#breadcrumb\"},\"inLanguage\":\"en-US\",\"potentialAction\":[{\"@type\":\"ReadAction\",\"target\":[\"https:\\\/\\\/donacion.ulv.edu.mx\\\/es\\\/itzel-del-carmen-guillen-vazquez\\\/\"]}]},{\"@type\":\"ImageObject\",\"inLanguage\":\"en-US\",\"@id\":\"https:\\\/\\\/donacion.ulv.edu.mx\\\/es\\\/itzel-del-carmen-guillen-vazquez\\\/#primaryimage\",\"url\":\"https:\\\/\\\/i0.wp.com\\\/donacion.ulv.edu.mx\\\/wp-content\\\/uploads\\\/2024\\\/01\\\/54567311668_c242854650_k.webp?fit=2048%2C1365&ssl=1\",\"contentUrl\":\"https:\\\/\\\/i0.wp.com\\\/donacion.ulv.edu.mx\\\/wp-content\\\/uploads\\\/2024\\\/01\\\/54567311668_c242854650_k.webp?fit=2048%2C1365&ssl=1\",\"width\":2048,\"height\":1365},{\"@type\":\"BreadcrumbList\",\"@id\":\"https:\\\/\\\/donacion.ulv.edu.mx\\\/es\\\/itzel-del-carmen-guillen-vazquez\\\/#breadcrumb\",\"itemListElement\":[{\"@type\":\"ListItem\",\"position\":1,\"name\":\"Home\",\"item\":\"https:\\\/\\\/donacion.ulv.edu.mx\\\/es\\\/\"},{\"@type\":\"ListItem\",\"position\":2,\"name\":\"Itzel del Carmen Guill\u00e9n V\u00e1zquez\"}]},{\"@type\":\"WebSite\",\"@id\":\"https:\\\/\\\/donacion.ulv.edu.mx\\\/es\\\/#website\",\"url\":\"https:\\\/\\\/donacion.ulv.edu.mx\\\/es\\\/\",\"name\":\"Universidad Linda Vista\",\"description\":\"\",\"publisher\":{\"@id\":\"https:\\\/\\\/donacion.ulv.edu.mx\\\/es\\\/#organization\"},\"potentialAction\":[{\"@type\":\"SearchAction\",\"target\":{\"@type\":\"EntryPoint\",\"urlTemplate\":\"https:\\\/\\\/donacion.ulv.edu.mx\\\/es\\\/?s={search_term_string}\"},\"query-input\":{\"@type\":\"PropertyValueSpecification\",\"valueRequired\":true,\"valueName\":\"search_term_string\"}}],\"inLanguage\":\"en-US\"},{\"@type\":\"Organization\",\"@id\":\"https:\\\/\\\/donacion.ulv.edu.mx\\\/es\\\/#organization\",\"name\":\"Universidad Linda Vista\",\"url\":\"https:\\\/\\\/donacion.ulv.edu.mx\\\/es\\\/\",\"logo\":{\"@type\":\"ImageObject\",\"inLanguage\":\"en-US\",\"@id\":\"https:\\\/\\\/donacion.ulv.edu.mx\\\/es\\\/#\\\/schema\\\/logo\\\/image\\\/\",\"url\":\"https:\\\/\\\/i0.wp.com\\\/donacion.ulv.edu.mx\\\/wp-content\\\/uploads\\\/2025\\\/06\\\/LogoMembrete.png?fit=795%2C193&ssl=1\",\"contentUrl\":\"https:\\\/\\\/i0.wp.com\\\/donacion.ulv.edu.mx\\\/wp-content\\\/uploads\\\/2025\\\/06\\\/LogoMembrete.png?fit=795%2C193&ssl=1\",\"width\":795,\"height\":193,\"caption\":\"Universidad Linda Vista\"},\"image\":{\"@id\":\"https:\\\/\\\/donacion.ulv.edu.mx\\\/es\\\/#\\\/schema\\\/logo\\\/image\\\/\"}},{\"@type\":\"Person\",\"@id\":\"https:\\\/\\\/donacion.ulv.edu.mx\\\/es\\\/#\\\/schema\\\/person\\\/c313d107934b8036dbfe89134055706a\",\"name\":\"Donaciones ULV\",\"image\":{\"@type\":\"ImageObject\",\"inLanguage\":\"en-US\",\"@id\":\"https:\\\/\\\/secure.gravatar.com\\\/avatar\\\/119e873948f93004bc7b1009d97c93a0d9dabd31727f424b96301981b4ae6a86?s=96&d=mm&r=g\",\"url\":\"https:\\\/\\\/secure.gravatar.com\\\/avatar\\\/119e873948f93004bc7b1009d97c93a0d9dabd31727f424b96301981b4ae6a86?s=96&d=mm&r=g\",\"contentUrl\":\"https:\\\/\\\/secure.gravatar.com\\\/avatar\\\/119e873948f93004bc7b1009d97c93a0d9dabd31727f424b96301981b4ae6a86?s=96&d=mm&r=g\",\"caption\":\"Donaciones ULV\"},\"url\":\"https:\\\/\\\/donacion.ulv.edu.mx\\\/en\\\/author\\\/donaciones-ulv\\\/\"}]}<\/script>\n<!-- \/ Yoast SEO plugin. -->","yoast_head_json":{"title":"Itzel del Carmen Guill\u00e9n V\u00e1zquez","robots":{"index":"index","follow":"follow","max-snippet":"max-snippet:-1","max-image-preview":"max-image-preview:large","max-video-preview":"max-video-preview:-1"},"canonical":"https:\/\/donacion.ulv.edu.mx\/en\/itzel-del-carmen-guillen-vazquez\/","og_locale":"en_US","og_type":"article","og_title":"[:es]Itzel del Carmen Guill\u00e9n V\u00e1zquez[:en]Itzel del Carmen Guill\u00e9n V\u00e1zquez[:] - Universidad Linda Vista","og_description":"My name is Itzel del Carmen Guill\u00e9n V\u00e1zquez, I am 24 years old and I have a degree in Clinical and Health Psychology. My parents do not have the resources to help me with my studies, so I always went to public schools. Thank God I have achieved my dream of finishing my studies at [&hellip;]","og_url":"https:\/\/donacion.ulv.edu.mx\/en\/itzel-del-carmen-guillen-vazquez\/","og_site_name":"Universidad Linda Vista","article_published_time":"2024-06-19T14:06:07+00:00","article_modified_time":"2025-07-03T05:24:55+00:00","og_image":[{"width":2048,"height":1365,"url":"https:\/\/i0.wp.com\/donacion.ulv.edu.mx\/wp-content\/uploads\/2024\/01\/54567311668_c242854650_k.webp?fit=2048%2C1365&ssl=1","type":"image\/webp"}],"author":"Donaciones ULV","twitter_card":"summary_large_image","twitter_misc":{"Written by":"Donaciones ULV","Est. reading time":"2 minutes"},"schema":{"@context":"https:\/\/schema.org","@graph":[{"@type":"Article","@id":"https:\/\/donacion.ulv.edu.mx\/es\/itzel-del-carmen-guillen-vazquez\/#article","isPartOf":{"@id":"https:\/\/donacion.ulv.edu.mx\/es\/itzel-del-carmen-guillen-vazquez\/"},"author":{"name":"Donaciones ULV","@id":"https:\/\/donacion.ulv.edu.mx\/es\/#\/schema\/person\/c313d107934b8036dbfe89134055706a"},"headline":"Itzel del Carmen Guill\u00e9n V\u00e1zquez","datePublished":"2024-06-19T14:06:07+00:00","dateModified":"2025-07-03T05:24:55+00:00","mainEntityOfPage":{"@id":"https:\/\/donacion.ulv.edu.mx\/es\/itzel-del-carmen-guillen-vazquez\/"},"wordCount":408,"commentCount":0,"publisher":{"@id":"https:\/\/donacion.ulv.edu.mx\/es\/#organization"},"image":{"@id":"https:\/\/donacion.ulv.edu.mx\/es\/itzel-del-carmen-guillen-vazquez\/#primaryimage"},"thumbnailUrl":"https:\/\/i0.wp.com\/donacion.ulv.edu.mx\/wp-content\/uploads\/2024\/01\/54567311668_c242854650_k.webp?fit=2048%2C1365&ssl=1","articleSection":["Egresados"],"inLanguage":"en-US","potentialAction":[{"@type":"CommentAction","name":"Comment","target":["https:\/\/donacion.ulv.edu.mx\/es\/itzel-del-carmen-guillen-vazquez\/#respond"]}]},{"@type":"WebPage","@id":"https:\/\/donacion.ulv.edu.mx\/es\/itzel-del-carmen-guillen-vazquez\/","url":"https:\/\/donacion.ulv.edu.mx\/es\/itzel-del-carmen-guillen-vazquez\/","name":"Itzel del Carmen Guill\u00e9n V\u00e1zquez","isPartOf":{"@id":"https:\/\/donacion.ulv.edu.mx\/es\/#website"},"primaryImageOfPage":{"@id":"https:\/\/donacion.ulv.edu.mx\/es\/itzel-del-carmen-guillen-vazquez\/#primaryimage"},"image":{"@id":"https:\/\/donacion.ulv.edu.mx\/es\/itzel-del-carmen-guillen-vazquez\/#primaryimage"},"thumbnailUrl":"https:\/\/i0.wp.com\/donacion.ulv.edu.mx\/wp-content\/uploads\/2024\/01\/54567311668_c242854650_k.webp?fit=2048%2C1365&ssl=1","datePublished":"2024-06-19T14:06:07+00:00","dateModified":"2025-07-03T05:24:55+00:00","breadcrumb":{"@id":"https:\/\/donacion.ulv.edu.mx\/es\/itzel-del-carmen-guillen-vazquez\/#breadcrumb"},"inLanguage":"en-US","potentialAction":[{"@type":"ReadAction","target":["https:\/\/donacion.ulv.edu.mx\/es\/itzel-del-carmen-guillen-vazquez\/"]}]},{"@type":"ImageObject","inLanguage":"en-US","@id":"https:\/\/donacion.ulv.edu.mx\/es\/itzel-del-carmen-guillen-vazquez\/#primaryimage","url":"https:\/\/i0.wp.com\/donacion.ulv.edu.mx\/wp-content\/uploads\/2024\/01\/54567311668_c242854650_k.webp?fit=2048%2C1365&ssl=1","contentUrl":"https:\/\/i0.wp.com\/donacion.ulv.edu.mx\/wp-content\/uploads\/2024\/01\/54567311668_c242854650_k.webp?fit=2048%2C1365&ssl=1","width":2048,"height":1365},{"@type":"BreadcrumbList","@id":"https:\/\/donacion.ulv.edu.mx\/es\/itzel-del-carmen-guillen-vazquez\/#breadcrumb","itemListElement":[{"@type":"ListItem","position":1,"name":"Home","item":"https:\/\/donacion.ulv.edu.mx\/es\/"},{"@type":"ListItem","position":2,"name":"Itzel del Carmen Guill\u00e9n V\u00e1zquez"}]},{"@type":"WebSite","@id":"https:\/\/donacion.ulv.edu.mx\/es\/#website","url":"https:\/\/donacion.ulv.edu.mx\/es\/","name":"Universidad Linda Vista","description":"","publisher":{"@id":"https:\/\/donacion.ulv.edu.mx\/es\/#organization"},"potentialAction":[{"@type":"SearchAction","target":{"@type":"EntryPoint","urlTemplate":"https:\/\/donacion.ulv.edu.mx\/es\/?s={search_term_string}"},"query-input":{"@type":"PropertyValueSpecification","valueRequired":true,"valueName":"search_term_string"}}],"inLanguage":"en-US"},{"@type":"Organization","@id":"https:\/\/donacion.ulv.edu.mx\/es\/#organization","name":"Universidad Linda Vista","url":"https:\/\/donacion.ulv.edu.mx\/es\/","logo":{"@type":"ImageObject","inLanguage":"en-US","@id":"https:\/\/donacion.ulv.edu.mx\/es\/#\/schema\/logo\/image\/","url":"https:\/\/i0.wp.com\/donacion.ulv.edu.mx\/wp-content\/uploads\/2025\/06\/LogoMembrete.png?fit=795%2C193&ssl=1","contentUrl":"https:\/\/i0.wp.com\/donacion.ulv.edu.mx\/wp-content\/uploads\/2025\/06\/LogoMembrete.png?fit=795%2C193&ssl=1","width":795,"height":193,"caption":"Universidad Linda Vista"},"image":{"@id":"https:\/\/donacion.ulv.edu.mx\/es\/#\/schema\/logo\/image\/"}},{"@type":"Person","@id":"https:\/\/donacion.ulv.edu.mx\/es\/#\/schema\/person\/c313d107934b8036dbfe89134055706a","name":"Donaciones ULV","image":{"@type":"ImageObject","inLanguage":"en-US","@id":"https:\/\/secure.gravatar.com\/avatar\/119e873948f93004bc7b1009d97c93a0d9dabd31727f424b96301981b4ae6a86?s=96&d=mm&r=g","url":"https:\/\/secure.gravatar.com\/avatar\/119e873948f93004bc7b1009d97c93a0d9dabd31727f424b96301981b4ae6a86?s=96&d=mm&r=g","contentUrl":"https:\/\/secure.gravatar.com\/avatar\/119e873948f93004bc7b1009d97c93a0d9dabd31727f424b96301981b4ae6a86?s=96&d=mm&r=g","caption":"Donaciones ULV"},"url":"https:\/\/donacion.ulv.edu.mx\/en\/author\/donaciones-ulv\/"}]}},"jetpack_featured_media_url":"https:\/\/i0.wp.com\/donacion.ulv.edu.mx\/wp-content\/uploads\/2024\/01\/54567311668_c242854650_k.webp?fit=2048%2C1365&ssl=1","jetpack_sharing_enabled":true,"_links":{"self":[{"href":"https:\/\/donacion.ulv.edu.mx\/en\/wp-json\/wp\/v2\/posts\/351","targetHints":{"allow":["GET"]}}],"collection":[{"href":"https:\/\/donacion.ulv.edu.mx\/en\/wp-json\/wp\/v2\/posts"}],"about":[{"href":"https:\/\/donacion.ulv.edu.mx\/en\/wp-json\/wp\/v2\/types\/post"}],"author":[{"embeddable":true,"href":"https:\/\/donacion.ulv.edu.mx\/en\/wp-json\/wp\/v2\/users\/2"}],"replies":[{"embeddable":true,"href":"https:\/\/donacion.ulv.edu.mx\/en\/wp-json\/wp\/v2\/comments?post=351"}],"version-history":[{"count":2,"href":"https:\/\/donacion.ulv.edu.mx\/en\/wp-json\/wp\/v2\/posts\/351\/revisions"}],"predecessor-version":[{"id":2145,"href":"https:\/\/donacion.ulv.edu.mx\/en\/wp-json\/wp\/v2\/posts\/351\/revisions\/2145"}],"wp:featuredmedia":[{"embeddable":true,"href":"https:\/\/donacion.ulv.edu.mx\/en\/wp-json\/wp\/v2\/media\/1828"}],"wp:attachment":[{"href":"https:\/\/donacion.ulv.edu.mx\/en\/wp-json\/wp\/v2\/media?parent=351"}],"wp:term":[{"taxonomy":"category","embeddable":true,"href":"https:\/\/donacion.ulv.edu.mx\/en\/wp-json\/wp\/v2\/categories?post=351"},{"taxonomy":"post_tag","embeddable":true,"href":"https:\/\/donacion.ulv.edu.mx\/en\/wp-json\/wp\/v2\/tags?post=351"}],"curies":[{"name":"wp","href":"https:\/\/api.w.org\/{rel}","templated":true}]}}